{"id":18745,"date":"2015-07-13T00:44:10","date_gmt":"2015-07-13T00:44:10","guid":{"rendered":"https:\/\/photographer.lu\/anastacia-in-luxemburg\/"},"modified":"2022-10-11T23:45:58","modified_gmt":"2022-10-11T23:45:58","slug":"anastacia-in-luxemburg","status":"publish","type":"post","link":"https:\/\/photographer.lu\/de\/anastacia-in-luxemburg\/","title":{"rendered":"Anastacia in Luxemburg"},"content":{"rendered":"<p style=\"text-align: justify;\">Rockstar Anastacia hat soeben ihren Auftritt bei<span style=\"color: #1a1a1a;\">&#8222;Rock um Knuedler&#8220;, dem kostenlosen Sommermusikfestival in Luxemburg-Stadt<\/span>, beendet<span style=\"color: #1a1a1a;\">.<\/span><\/p>\n<p style=\"text-align: justify;\">Es dauerte l\u00e4nger als erwartet, bis ich das Gel\u00e4nde betreten konnte, da es sehr voll war, aber schlie\u00dflich gelang es mir, f\u00fcr die letzten drei Lieder ihres Konzerts hineinzukommen. Es war ein nettes Set und die Leute schienen es zu genie\u00dfen.<\/p>\n<p style=\"text-align: justify;\">Und ein paar Bilder:<\/p>\n<p style=\"text-align: justify;\"><img decoding=\"async\" class=\"aligncenter size-full wp-image-6908\" src=\"https:\/\/photographer.lu\/wp-content\/uploads\/2015\/07\/1_IMG_5655.jpg\" alt=\"Anastacia in Luxemburg - Konzertfotograf Vio Dudau\" width=\"1000\" height=\"667\"> <img decoding=\"async\" class=\"aligncenter size-full wp-image-6907\" src=\"https:\/\/photographer.lu\/wp-content\/uploads\/2015\/07\/1_IMG_5664.jpg\" alt=\"Anastacia in Luxemburg - Konzertfotograf Vio Dudau\" width=\"1000\" height=\"667\"> <img decoding=\"async\" class=\"aligncenter size-full wp-image-6906\" src=\"https:\/\/photographer.lu\/wp-content\/uploads\/2015\/07\/1_IMG_5767.jpg\" alt=\"Anastacia in Luxemburg - Konzertfotograf Vio Dudau\" width=\"1000\" height=\"667\"> <img decoding=\"async\" class=\"aligncenter size-full wp-image-6905\" src=\"https:\/\/photographer.lu\/wp-content\/uploads\/2015\/07\/1_IMG_5774.jpg\" alt=\"Anastacia in Luxemburg - Konzertfotograf Vio Dudau\" width=\"1000\" height=\"667\"> <img decoding=\"async\" class=\"aligncenter size-full wp-image-6904\" src=\"https:\/\/photographer.lu\/wp-content\/uploads\/2015\/07\/1_IMG_5816.jpg\" alt=\"Anastacia-Konzert in Luxemburg - Fotograf Vio Dudau\" width=\"1000\" height=\"667\"> <img decoding=\"async\" class=\"aligncenter size-full wp-image-6903\" src=\"https:\/\/photographer.lu\/wp-content\/uploads\/2015\/07\/1_IMG_5829.jpg\" alt=\"Anastacia-Konzert in Luxemburg - Fotograf Vio Dudau\" width=\"1000\" height=\"667\"> <img decoding=\"async\" class=\"aligncenter size-full wp-image-6902\" src=\"https:\/\/photographer.lu\/wp-content\/uploads\/2015\/07\/IMG_5739.jpg\" alt=\"Anastacia-Konzert in Luxemburg - Fotograf Vio Dudau\" width=\"1000\" height=\"667\"> <img decoding=\"async\" class=\"aligncenter size-full wp-image-6901\" src=\"https:\/\/photographer.lu\/wp-content\/uploads\/2015\/07\/IMG_5818.jpg\" alt=\"Anastacia-Konzert in Luxemburg - Fotograf Vio Dudau\" width=\"1000\" height=\"667\"> <img decoding=\"async\" class=\"aligncenter size-full wp-image-6900\" src=\"https:\/\/photographer.lu\/wp-content\/uploads\/2015\/07\/IMG_5874.jpg\" alt=\"Anastacia-Konzert in Luxemburg - Fotograf Vio Dudau\" width=\"1000\" height=\"667\"><\/p>\n<p>[aside]Singer:<\/p>\n<p style=\"text-align: justify;\"><strong>Anastacia<\/strong><\/p>\n<p style=\"text-align: justify;\"><span style=\"color: #1a1a1a;\">Festival:<\/span><\/p>\n<p style=\"text-align: justify;\"><strong><span style=\"color: #1a1a1a;\">Rock um Knuedler<\/span><\/strong><\/p>\n<p style=\"text-align: justify;\">Location:<\/p>\n<p style=\"text-align: justify;\"><strong>Luxembourg City<\/strong><\/p>\n<p style=\"text-align: justify;\">Date:<\/p>\n<p style=\"text-align: justify;\">Sunday, 12.07.2015<\/p>\n<p style=\"text-align: justify;\">[\/aside]<\/p>\n","protected":false},"excerpt":{"rendered":"<p>Rockstar Anastacia hat soeben ihren Auftritt bei&#8222;Rock um Knuedler&#8220;, dem kostenlosen Sommermusikfestival in Luxemburg-Stadt, beendet. Es dauerte l\u00e4nger als erwartet, bis ich das Gel\u00e4nde betreten konnte, da es sehr voll war, aber schlie\u00dflich gelang es mir, f\u00fcr die letzten drei Lieder ihres Konzerts hineinzukommen. Es war ein nettes Set und die Leute schienen es zu [&hellip;]<\/p>\n","protected":false},"author":2,"featured_media":0,"comment_status":"open","ping_status":"open","sticky":false,"template":"","format":"standard","meta":{"pgc_sgb_lightbox_settings":"","_jetpack_memberships_contains_paid_content":false,"footnotes":""},"categories":[473,459],"tags":[503,479,504,460],"class_list":["post-18745","post","type-post","status-publish","format-standard","hentry","category-live-veranstaltungen","category-luxemburg","tag-anastacia-de","tag-fotograf-luxembourg","tag-konzert","tag-luxemburg"],"blocksy_meta":{"styles_descriptor":{"styles":{"desktop":"","tablet":"","mobile":""},"google_fonts":[],"version":6}},"featured_image_urls_v2":{"full":"","thumbnail":"","medium":"","medium_large":"","large":"","1536x1536":"","2048x2048":"","woocommerce_archive_thumbnail":"","mailpoet_newsletter_max":"","woocommerce_thumbnail":"","woocommerce_single":"","woocommerce_gallery_thumbnail":"","jetpack-portfolio-admin-thumb":""},"post_excerpt_stackable_v2":"<p>Rockstar Anastacia hat soeben ihren Auftritt bei&#8222;Rock um Knuedler&#8220;, dem kostenlosen Sommermusikfestival in Luxemburg-Stadt, beendet. Es dauerte l\u00e4nger als erwartet, bis ich das Gel\u00e4nde betreten konnte, da es sehr voll war, aber schlie\u00dflich gelang es mir, f\u00fcr die letzten drei Lieder ihres Konzerts hineinzukommen. Es war ein nettes Set und die Leute schienen es zu genie\u00dfen. Und ein paar Bilder: [aside]Singer: Anastacia Festival: Rock um Knuedler Location: Luxembourg City Date: Sunday, 12.07.2015 [\/aside]<\/p>\n","category_list_v2":"<a href=\"https:\/\/photographer.lu\/de\/category\/live-veranstaltungen\/\" rel=\"category tag\">Live-Veranstaltungen<\/a>, <a href=\"https:\/\/photographer.lu\/de\/category\/luxemburg\/\" rel=\"category tag\">Luxemburg<\/a>","author_info_v2":{"name":"Photo Dudau Luxembourg","url":"https:\/\/photographer.lu\/de\/author\/dudau\/"},"comments_num_v2":"0 comments","acf":[],"jetpack_featured_media_url":"","jetpack_sharing_enabled":true,"_links":{"self":[{"href":"https:\/\/photographer.lu\/de\/wp-json\/wp\/v2\/posts\/18745","targetHints":{"allow":["GET"]}}],"collection":[{"href":"https:\/\/photographer.lu\/de\/wp-json\/wp\/v2\/posts"}],"about":[{"href":"https:\/\/photographer.lu\/de\/wp-json\/wp\/v2\/types\/post"}],"author":[{"embeddable":true,"href":"https:\/\/photographer.lu\/de\/wp-json\/wp\/v2\/users\/2"}],"replies":[{"embeddable":true,"href":"https:\/\/photographer.lu\/de\/wp-json\/wp\/v2\/comments?post=18745"}],"version-history":[{"count":0,"href":"https:\/\/photographer.lu\/de\/wp-json\/wp\/v2\/posts\/18745\/revisions"}],"wp:attachment":[{"href":"https:\/\/photographer.lu\/de\/wp-json\/wp\/v2\/media?parent=18745"}],"wp:term":[{"taxonomy":"category","embeddable":true,"href":"https:\/\/photographer.lu\/de\/wp-json\/wp\/v2\/categories?post=18745"},{"taxonomy":"post_tag","embeddable":true,"href":"https:\/\/photographer.lu\/de\/wp-json\/wp\/v2\/tags?post=18745"}],"curies":[{"name":"wp","href":"https:\/\/api.w.org\/{rel}","templated":true}]}}