{"id":18778,"date":"2017-08-04T09:53:36","date_gmt":"2017-08-04T09:53:36","guid":{"rendered":"https:\/\/photographer.lu\/sennesraeich-park-in-lullange\/"},"modified":"2022-10-11T23:47:21","modified_gmt":"2022-10-11T23:47:21","slug":"sennesraeich-park-in-lullange","status":"publish","type":"post","link":"https:\/\/photographer.lu\/de\/sennesraeich-park-in-lullange\/","title":{"rendered":"S\u00ebnnesr\u00e4ich Park in Lullange"},"content":{"rendered":"<p>Am vergangenen Wochenende hatten wir Familienspa\u00df im S\u00ebnnesr\u00e4ich Park in Lullange. Haben Sie diesen Ort schon besucht? Das ist gro\u00dfartig!<\/p>\n<p>Die Kinder waren von dem Spielplatz und dem gr\u00fcnen Labyrinth begeistert. Der Garten ist jeden Tag ge\u00f6ffnet:<\/p>\n<figure id=\"attachment_8161\" aria-describedby=\"caption-attachment-8161\" style=\"width: 1000px\" class=\"wp-caption aligncenter\"><img decoding=\"async\" class=\"size-full wp-image-8161\" src=\"https:\/\/photographer.lu\/wp-content\/uploads\/2017\/08\/parc_sennesraich_lullange_photodudau_3.jpg\" alt=\"Park Sennesraich Lullange Luxemburg\" width=\"1000\" height=\"648\" srcset=\"https:\/\/photographer.lu\/wp-content\/uploads\/2017\/08\/parc_sennesraich_lullange_photodudau_3.jpg 1000w, https:\/\/photographer.lu\/wp-content\/uploads\/2017\/08\/parc_sennesraich_lullange_photodudau_3-600x389.jpg 600w, https:\/\/photographer.lu\/wp-content\/uploads\/2017\/08\/parc_sennesraich_lullange_photodudau_3-300x194.jpg 300w, https:\/\/photographer.lu\/wp-content\/uploads\/2017\/08\/parc_sennesraich_lullange_photodudau_3-550x356.jpg 550w, https:\/\/photographer.lu\/wp-content\/uploads\/2017\/08\/parc_sennesraich_lullange_photodudau_3-768x498.jpg 768w\" sizes=\"(max-width: 1000px) 100vw, 1000px\" \/><figcaption id=\"caption-attachment-8161\" class=\"wp-caption-text\">Park Sennesraich &#8211; das Labyrinth<\/figcaption><\/figure>\n<p>W\u00e4hrend der Park an sich sch\u00f6n ist, aber f\u00fcr luxemburgische Verh\u00e4ltnisse nicht sonderlich besonders erscheint (es gibt \u00fcberall einen tollen Park), \u00e4ndert sich alles, wenn man die 5-Sinne-R\u00e4ume, den \u00fcberdachten Teil des Komplexes, betritt. Das ist ein gut gemachter Freizeitbereich, sowohl f\u00fcr Kinder als auch f\u00fcr Erwachsene. Dort gibt es so viele tolle Dinge zu tun! Die 5 Sinnesr\u00e4ume sind Donnerstag, Freitag (13.00 &#8211; 17.00 Uhr), Samstag und Sonntag (10.00 &#8211; 17.00 Uhr) ge\u00f6ffnet:<\/p>\n<figure id=\"attachment_8165\" aria-describedby=\"caption-attachment-8165\" style=\"width: 592px\" class=\"wp-caption aligncenter\"><img decoding=\"async\" class=\"wp-image-8165 size-full\" src=\"https:\/\/photographer.lu\/wp-content\/uploads\/2017\/08\/parc_sennesraich_lullange_photodudau_8-e1501838153222.jpg\" alt=\"Park Sennesraich in Lullange\" width=\"592\" height=\"815\" srcset=\"https:\/\/photographer.lu\/wp-content\/uploads\/2017\/08\/parc_sennesraich_lullange_photodudau_8-e1501838153222.jpg 592w, https:\/\/photographer.lu\/wp-content\/uploads\/2017\/08\/parc_sennesraich_lullange_photodudau_8-e1501838153222-218x300.jpg 218w, https:\/\/photographer.lu\/wp-content\/uploads\/2017\/08\/parc_sennesraich_lullange_photodudau_8-e1501838153222-400x550.jpg 400w, https:\/\/photographer.lu\/wp-content\/uploads\/2017\/08\/parc_sennesraich_lullange_photodudau_8-e1501838153222-300x413.jpg 300w\" sizes=\"(max-width: 592px) 100vw, 592px\" \/><figcaption id=\"caption-attachment-8165\" class=\"wp-caption-text\">Keine Sorge, das ist ein Glasboden<\/figcaption><\/figure>\n<figure id=\"attachment_8158\" aria-describedby=\"caption-attachment-8158\" style=\"width: 791px\" class=\"wp-caption aligncenter\"><img decoding=\"async\" class=\"wp-image-8158 size-full\" src=\"https:\/\/photographer.lu\/wp-content\/uploads\/2017\/08\/parc_sennesraich_lullange_photodudau22-e1501838202224.jpg\" alt=\"Park Sennesraich in Lullange\" width=\"791\" height=\"1177\" srcset=\"https:\/\/photographer.lu\/wp-content\/uploads\/2017\/08\/parc_sennesraich_lullange_photodudau22-e1501838202224.jpg 791w, https:\/\/photographer.lu\/wp-content\/uploads\/2017\/08\/parc_sennesraich_lullange_photodudau22-e1501838202224-600x893.jpg 600w, https:\/\/photographer.lu\/wp-content\/uploads\/2017\/08\/parc_sennesraich_lullange_photodudau22-e1501838202224-202x300.jpg 202w, https:\/\/photographer.lu\/wp-content\/uploads\/2017\/08\/parc_sennesraich_lullange_photodudau22-e1501838202224-688x1024.jpg 688w, https:\/\/photographer.lu\/wp-content\/uploads\/2017\/08\/parc_sennesraich_lullange_photodudau22-e1501838202224-370x550.jpg 370w, https:\/\/photographer.lu\/wp-content\/uploads\/2017\/08\/parc_sennesraich_lullange_photodudau22-e1501838202224-768x1143.jpg 768w, https:\/\/photographer.lu\/wp-content\/uploads\/2017\/08\/parc_sennesraich_lullange_photodudau22-e1501838202224-300x446.jpg 300w\" sizes=\"(max-width: 791px) 100vw, 791px\" \/><figcaption id=\"caption-attachment-8158\" class=\"wp-caption-text\">Das Zimmer der lustigen Spiegel<\/figcaption><\/figure>\n<p>Am meisten haben wir im Musikraum gespielt, wo man Schlagzeug und verschiedene Instrumente spielen kann, um alle m\u00f6glichen lustigen Kl\u00e4nge zu erzeugen.<\/p>\n<figure id=\"attachment_8168\" aria-describedby=\"caption-attachment-8168\" style=\"width: 1000px\" class=\"wp-caption aligncenter\"><img decoding=\"async\" class=\"size-full wp-image-8168\" src=\"https:\/\/photographer.lu\/wp-content\/uploads\/2017\/08\/parc_sennesraich_lullange_photodudau_11.jpg\" alt=\"Park Sennesraich in Lullange\" width=\"1000\" height=\"667\" srcset=\"https:\/\/photographer.lu\/wp-content\/uploads\/2017\/08\/parc_sennesraich_lullange_photodudau_11.jpg 1000w, https:\/\/photographer.lu\/wp-content\/uploads\/2017\/08\/parc_sennesraich_lullange_photodudau_11-600x400.jpg 600w, https:\/\/photographer.lu\/wp-content\/uploads\/2017\/08\/parc_sennesraich_lullange_photodudau_11-300x200.jpg 300w, https:\/\/photographer.lu\/wp-content\/uploads\/2017\/08\/parc_sennesraich_lullange_photodudau_11-550x367.jpg 550w, https:\/\/photographer.lu\/wp-content\/uploads\/2017\/08\/parc_sennesraich_lullange_photodudau_11-768x512.jpg 768w\" sizes=\"(max-width: 1000px) 100vw, 1000px\" \/><figcaption id=\"caption-attachment-8168\" class=\"wp-caption-text\">Das Musikzimmer<\/figcaption><\/figure>\n<p>Der Kaleidoskop-Raum passt genau danach:<\/p>\n<figure id=\"attachment_8172\" aria-describedby=\"caption-attachment-8172\" style=\"width: 1000px\" class=\"wp-caption aligncenter\"><img decoding=\"async\" class=\"size-full wp-image-8172\" src=\"https:\/\/photographer.lu\/wp-content\/uploads\/2017\/08\/parc_sennesraich_lullange_photodudau_15.jpg\" alt=\"Park Sennesraich in Lullange\" width=\"1000\" height=\"807\" srcset=\"https:\/\/photographer.lu\/wp-content\/uploads\/2017\/08\/parc_sennesraich_lullange_photodudau_15.jpg 1000w, https:\/\/photographer.lu\/wp-content\/uploads\/2017\/08\/parc_sennesraich_lullange_photodudau_15-600x484.jpg 600w, https:\/\/photographer.lu\/wp-content\/uploads\/2017\/08\/parc_sennesraich_lullange_photodudau_15-300x242.jpg 300w, https:\/\/photographer.lu\/wp-content\/uploads\/2017\/08\/parc_sennesraich_lullange_photodudau_15-550x444.jpg 550w, https:\/\/photographer.lu\/wp-content\/uploads\/2017\/08\/parc_sennesraich_lullange_photodudau_15-768x620.jpg 768w\" sizes=\"(max-width: 1000px) 100vw, 1000px\" \/><figcaption id=\"caption-attachment-8172\" class=\"wp-caption-text\">Kaleidoskop-Zimmer<\/figcaption><\/figure>\n<p>Im Erdgeschoss gibt es sogar ein nettes Bistro mit einer offenen Terrasse, wo man entspannt zu Mittag essen oder etwas trinken kann, w\u00e4hrend die Kinder auf dem Spielplatz vor der T\u00fcr spielen. Das Bistro ist von Dienstag bis Sonntag (12.00 &#8211; 17.00 Uhr) ge\u00f6ffnet:<\/p>\n<figure id=\"attachment_8177\" aria-describedby=\"caption-attachment-8177\" style=\"width: 1000px\" class=\"wp-caption aligncenter\"><img decoding=\"async\" class=\"size-full wp-image-8177\" src=\"https:\/\/photographer.lu\/wp-content\/uploads\/2017\/08\/parc_sennesraich_lullange_photodudau_20.jpg\" alt=\"Park Sennesraich  \" width=\"1000\" height=\"667\" srcset=\"https:\/\/photographer.lu\/wp-content\/uploads\/2017\/08\/parc_sennesraich_lullange_photodudau_20.jpg 1000w, https:\/\/photographer.lu\/wp-content\/uploads\/2017\/08\/parc_sennesraich_lullange_photodudau_20-600x400.jpg 600w, https:\/\/photographer.lu\/wp-content\/uploads\/2017\/08\/parc_sennesraich_lullange_photodudau_20-300x200.jpg 300w, https:\/\/photographer.lu\/wp-content\/uploads\/2017\/08\/parc_sennesraich_lullange_photodudau_20-550x367.jpg 550w, https:\/\/photographer.lu\/wp-content\/uploads\/2017\/08\/parc_sennesraich_lullange_photodudau_20-768x512.jpg 768w\" sizes=\"(max-width: 1000px) 100vw, 1000px\" \/><figcaption id=\"caption-attachment-8177\" class=\"wp-caption-text\">Park Sennesraich &#8211; Das Bistro<\/figcaption><\/figure>\n<figure id=\"attachment_8178\" aria-describedby=\"caption-attachment-8178\" style=\"width: 1200px\" class=\"wp-caption aligncenter\"><img decoding=\"async\" class=\"size-full wp-image-8178\" src=\"https:\/\/photographer.lu\/wp-content\/uploads\/2017\/08\/parc_sennesraich_lullange_photodudau_2143.jpg\" alt=\"Park Sennesraich in Lullange\" width=\"1200\" height=\"565\" srcset=\"https:\/\/photographer.lu\/wp-content\/uploads\/2017\/08\/parc_sennesraich_lullange_photodudau_2143.jpg 1200w, https:\/\/photographer.lu\/wp-content\/uploads\/2017\/08\/parc_sennesraich_lullange_photodudau_2143-600x283.jpg 600w, https:\/\/photographer.lu\/wp-content\/uploads\/2017\/08\/parc_sennesraich_lullange_photodudau_2143-300x141.jpg 300w, https:\/\/photographer.lu\/wp-content\/uploads\/2017\/08\/parc_sennesraich_lullange_photodudau_2143-550x259.jpg 550w, https:\/\/photographer.lu\/wp-content\/uploads\/2017\/08\/parc_sennesraich_lullange_photodudau_2143-768x362.jpg 768w, https:\/\/photographer.lu\/wp-content\/uploads\/2017\/08\/parc_sennesraich_lullange_photodudau_2143-1024x482.jpg 1024w\" sizes=\"(max-width: 1200px) 100vw, 1200px\" \/><figcaption id=\"caption-attachment-8178\" class=\"wp-caption-text\">Park Sennesraich &#8211; der Spielplatz<\/figcaption><\/figure>\n<p>Weitere Bilder finden Sie in dieser Diashow:<\/p>\n<div id='gallery-1' class='gallery galleryid-18778 gallery-columns-3 gallery-size-thumbnail'><figure class='gallery-item'>\n\t\t\t<div class='gallery-icon landscape'>\n\t\t\t\t<a href='https:\/\/photographer.lu\/de\/park-sennesraich-in-lullange-18-2\/'><img decoding=\"async\" width=\"550\" height=\"364\" src=\"https:\/\/photographer.lu\/wp-content\/uploads\/2017\/08\/parc_sennesraich_lullange_photodudau_18-550x364.jpg\" class=\"attachment-thumbnail size-thumbnail\" alt=\"\" aria-describedby=\"gallery-1-16308\" srcset=\"https:\/\/photographer.lu\/wp-content\/uploads\/2017\/08\/parc_sennesraich_lullange_photodudau_18-550x364.jpg 550w, https:\/\/photographer.lu\/wp-content\/uploads\/2017\/08\/parc_sennesraich_lullange_photodudau_18-600x397.jpg 600w, https:\/\/photographer.lu\/wp-content\/uploads\/2017\/08\/parc_sennesraich_lullange_photodudau_18-300x198.jpg 300w, https:\/\/photographer.lu\/wp-content\/uploads\/2017\/08\/parc_sennesraich_lullange_photodudau_18-768x508.jpg 768w, https:\/\/photographer.lu\/wp-content\/uploads\/2017\/08\/parc_sennesraich_lullange_photodudau_18.jpg 1000w\" sizes=\"(max-width: 550px) 100vw, 550px\" \/><\/a>\n\t\t\t<\/div>\n\t\t\t\t<figcaption class='wp-caption-text gallery-caption' id='gallery-1-16308'>\n\t\t\t\tThe disco room\n\t\t\t\t<\/figcaption><\/figure><figure class='gallery-item'>\n\t\t\t<div class='gallery-icon landscape'>\n\t\t\t\t<a href='https:\/\/photographer.lu\/de\/park-sennesraich-in-lullange-16-2\/'><img decoding=\"async\" width=\"550\" height=\"367\" src=\"https:\/\/photographer.lu\/wp-content\/uploads\/2017\/08\/parc_sennesraich_lullange_photodudau_16-550x367.jpg\" class=\"attachment-thumbnail size-thumbnail\" alt=\"\" aria-describedby=\"gallery-1-16304\" srcset=\"https:\/\/photographer.lu\/wp-content\/uploads\/2017\/08\/parc_sennesraich_lullange_photodudau_16-550x367.jpg 550w, https:\/\/photographer.lu\/wp-content\/uploads\/2017\/08\/parc_sennesraich_lullange_photodudau_16-600x400.jpg 600w, https:\/\/photographer.lu\/wp-content\/uploads\/2017\/08\/parc_sennesraich_lullange_photodudau_16-300x200.jpg 300w, https:\/\/photographer.lu\/wp-content\/uploads\/2017\/08\/parc_sennesraich_lullange_photodudau_16-768x512.jpg 768w, https:\/\/photographer.lu\/wp-content\/uploads\/2017\/08\/parc_sennesraich_lullange_photodudau_16.jpg 1000w\" sizes=\"(max-width: 550px) 100vw, 550px\" \/><\/a>\n\t\t\t<\/div>\n\t\t\t\t<figcaption class='wp-caption-text gallery-caption' id='gallery-1-16304'>\n\t\t\t\tThere&#8217;s a fly under that microscope\n\t\t\t\t<\/figcaption><\/figure><figure class='gallery-item'>\n\t\t\t<div class='gallery-icon landscape'>\n\t\t\t\t<a href='https:\/\/photographer.lu\/de\/park-sennesraich-in-lullange-14-2\/'><img decoding=\"async\" width=\"550\" height=\"410\" src=\"https:\/\/photographer.lu\/wp-content\/uploads\/2017\/08\/parc_sennesraich_lullange_photodudau_14-550x410.jpg\" class=\"attachment-thumbnail size-thumbnail\" alt=\"\" aria-describedby=\"gallery-1-16300\" srcset=\"https:\/\/photographer.lu\/wp-content\/uploads\/2017\/08\/parc_sennesraich_lullange_photodudau_14-550x410.jpg 550w, https:\/\/photographer.lu\/wp-content\/uploads\/2017\/08\/parc_sennesraich_lullange_photodudau_14-600x447.jpg 600w, https:\/\/photographer.lu\/wp-content\/uploads\/2017\/08\/parc_sennesraich_lullange_photodudau_14-300x224.jpg 300w, https:\/\/photographer.lu\/wp-content\/uploads\/2017\/08\/parc_sennesraich_lullange_photodudau_14-768x572.jpg 768w, https:\/\/photographer.lu\/wp-content\/uploads\/2017\/08\/parc_sennesraich_lullange_photodudau_14.jpg 1000w\" sizes=\"(max-width: 550px) 100vw, 550px\" \/><\/a>\n\t\t\t<\/div>\n\t\t\t\t<figcaption class='wp-caption-text gallery-caption' id='gallery-1-16300'>\n\t\t\t\tKaleidoscope room\n\t\t\t\t<\/figcaption><\/figure><figure class='gallery-item'>\n\t\t\t<div class='gallery-icon landscape'>\n\t\t\t\t<a href='https:\/\/photographer.lu\/de\/park-sennesraich-in-lullange-13-2\/'><img decoding=\"async\" width=\"550\" height=\"367\" src=\"https:\/\/photographer.lu\/wp-content\/uploads\/2017\/08\/parc_sennesraich_lullange_photodudau_13-550x367.jpg\" class=\"attachment-thumbnail size-thumbnail\" alt=\"\" aria-describedby=\"gallery-1-16298\" srcset=\"https:\/\/photographer.lu\/wp-content\/uploads\/2017\/08\/parc_sennesraich_lullange_photodudau_13-550x367.jpg 550w, https:\/\/photographer.lu\/wp-content\/uploads\/2017\/08\/parc_sennesraich_lullange_photodudau_13-600x400.jpg 600w, https:\/\/photographer.lu\/wp-content\/uploads\/2017\/08\/parc_sennesraich_lullange_photodudau_13-300x200.jpg 300w, https:\/\/photographer.lu\/wp-content\/uploads\/2017\/08\/parc_sennesraich_lullange_photodudau_13-768x512.jpg 768w, https:\/\/photographer.lu\/wp-content\/uploads\/2017\/08\/parc_sennesraich_lullange_photodudau_13.jpg 1000w\" sizes=\"(max-width: 550px) 100vw, 550px\" \/><\/a>\n\t\t\t<\/div>\n\t\t\t\t<figcaption class='wp-caption-text gallery-caption' id='gallery-1-16298'>\n\t\t\t\tIf you&#8217;re trying to get hypnotized\n\t\t\t\t<\/figcaption><\/figure><figure class='gallery-item'>\n\t\t\t<div class='gallery-icon landscape'>\n\t\t\t\t<a href='https:\/\/photographer.lu\/de\/park-sennesraich-in-lullange-12-2\/'><img decoding=\"async\" width=\"550\" height=\"367\" src=\"https:\/\/photographer.lu\/wp-content\/uploads\/2017\/08\/parc_sennesraich_lullange_photodudau_12-550x367.jpg\" class=\"attachment-thumbnail size-thumbnail\" alt=\"\" aria-describedby=\"gallery-1-16296\" srcset=\"https:\/\/photographer.lu\/wp-content\/uploads\/2017\/08\/parc_sennesraich_lullange_photodudau_12-550x367.jpg 550w, https:\/\/photographer.lu\/wp-content\/uploads\/2017\/08\/parc_sennesraich_lullange_photodudau_12-600x400.jpg 600w, https:\/\/photographer.lu\/wp-content\/uploads\/2017\/08\/parc_sennesraich_lullange_photodudau_12-300x200.jpg 300w, https:\/\/photographer.lu\/wp-content\/uploads\/2017\/08\/parc_sennesraich_lullange_photodudau_12-768x512.jpg 768w, https:\/\/photographer.lu\/wp-content\/uploads\/2017\/08\/parc_sennesraich_lullange_photodudau_12.jpg 1000w\" sizes=\"(max-width: 550px) 100vw, 550px\" \/><\/a>\n\t\t\t<\/div>\n\t\t\t\t<figcaption class='wp-caption-text gallery-caption' id='gallery-1-16296'>\n\t\t\t\tPark Sennesraich &#8211; the music room\n\t\t\t\t<\/figcaption><\/figure><figure class='gallery-item'>\n\t\t\t<div class='gallery-icon landscape'>\n\t\t\t\t<a href='https:\/\/photographer.lu\/de\/park-sennesraich-in-lullange-10-2\/'><img decoding=\"async\" width=\"550\" height=\"367\" src=\"https:\/\/photographer.lu\/wp-content\/uploads\/2017\/08\/parc_sennesraich_lullange_photodudau_10-550x367.jpg\" class=\"attachment-thumbnail size-thumbnail\" alt=\"\" aria-describedby=\"gallery-1-16292\" srcset=\"https:\/\/photographer.lu\/wp-content\/uploads\/2017\/08\/parc_sennesraich_lullange_photodudau_10-550x367.jpg 550w, https:\/\/photographer.lu\/wp-content\/uploads\/2017\/08\/parc_sennesraich_lullange_photodudau_10-600x400.jpg 600w, https:\/\/photographer.lu\/wp-content\/uploads\/2017\/08\/parc_sennesraich_lullange_photodudau_10-300x200.jpg 300w, https:\/\/photographer.lu\/wp-content\/uploads\/2017\/08\/parc_sennesraich_lullange_photodudau_10-768x512.jpg 768w, https:\/\/photographer.lu\/wp-content\/uploads\/2017\/08\/parc_sennesraich_lullange_photodudau_10.jpg 1000w\" sizes=\"(max-width: 550px) 100vw, 550px\" \/><\/a>\n\t\t\t<\/div>\n\t\t\t\t<figcaption class='wp-caption-text gallery-caption' id='gallery-1-16292'>\n\t\t\t\tTasting weird stuff\n\t\t\t\t<\/figcaption><\/figure><figure class='gallery-item'>\n\t\t\t<div class='gallery-icon landscape'>\n\t\t\t\t<a href='https:\/\/photographer.lu\/de\/park-sennesraich-in-lullange-9-2\/'><img decoding=\"async\" width=\"550\" height=\"358\" src=\"https:\/\/photographer.lu\/wp-content\/uploads\/2017\/08\/parc_sennesraich_lullange_photodudau_9-550x358.jpg\" class=\"attachment-thumbnail size-thumbnail\" alt=\"\" aria-describedby=\"gallery-1-16290\" srcset=\"https:\/\/photographer.lu\/wp-content\/uploads\/2017\/08\/parc_sennesraich_lullange_photodudau_9-550x358.jpg 550w, https:\/\/photographer.lu\/wp-content\/uploads\/2017\/08\/parc_sennesraich_lullange_photodudau_9-600x390.jpg 600w, https:\/\/photographer.lu\/wp-content\/uploads\/2017\/08\/parc_sennesraich_lullange_photodudau_9-300x195.jpg 300w, https:\/\/photographer.lu\/wp-content\/uploads\/2017\/08\/parc_sennesraich_lullange_photodudau_9-768x499.jpg 768w, https:\/\/photographer.lu\/wp-content\/uploads\/2017\/08\/parc_sennesraich_lullange_photodudau_9.jpg 1000w\" sizes=\"(max-width: 550px) 100vw, 550px\" \/><\/a>\n\t\t\t<\/div>\n\t\t\t\t<figcaption class='wp-caption-text gallery-caption' id='gallery-1-16290'>\n\t\t\t\tAn indoor slider!\n\t\t\t\t<\/figcaption><\/figure><figure class='gallery-item'>\n\t\t\t<div class='gallery-icon landscape'>\n\t\t\t\t<a href='https:\/\/photographer.lu\/de\/park-sennesraich-in-lullange-7-2\/'><img decoding=\"async\" width=\"550\" height=\"367\" src=\"https:\/\/photographer.lu\/wp-content\/uploads\/2017\/08\/parc_sennesraich_lullange_photodudau_7-550x367.jpg\" class=\"attachment-thumbnail size-thumbnail\" alt=\"\" aria-describedby=\"gallery-1-16286\" srcset=\"https:\/\/photographer.lu\/wp-content\/uploads\/2017\/08\/parc_sennesraich_lullange_photodudau_7-550x367.jpg 550w, https:\/\/photographer.lu\/wp-content\/uploads\/2017\/08\/parc_sennesraich_lullange_photodudau_7-600x400.jpg 600w, https:\/\/photographer.lu\/wp-content\/uploads\/2017\/08\/parc_sennesraich_lullange_photodudau_7-300x200.jpg 300w, https:\/\/photographer.lu\/wp-content\/uploads\/2017\/08\/parc_sennesraich_lullange_photodudau_7-768x512.jpg 768w, https:\/\/photographer.lu\/wp-content\/uploads\/2017\/08\/parc_sennesraich_lullange_photodudau_7.jpg 1000w\" sizes=\"(max-width: 550px) 100vw, 550px\" \/><\/a>\n\t\t\t<\/div>\n\t\t\t\t<figcaption class='wp-caption-text gallery-caption' id='gallery-1-16286'>\n\t\t\t\tPlaying with water and bubbles\n\t\t\t\t<\/figcaption><\/figure><figure class='gallery-item'>\n\t\t\t<div class='gallery-icon landscape'>\n\t\t\t\t<a href='https:\/\/photographer.lu\/de\/park-sennesraich-in-lullange-6-2\/'><img decoding=\"async\" width=\"550\" height=\"359\" src=\"https:\/\/photographer.lu\/wp-content\/uploads\/2017\/08\/parc_sennesraich_lullange_photodudau_6-550x359.jpg\" class=\"attachment-thumbnail size-thumbnail\" alt=\"\" aria-describedby=\"gallery-1-16284\" srcset=\"https:\/\/photographer.lu\/wp-content\/uploads\/2017\/08\/parc_sennesraich_lullange_photodudau_6-550x359.jpg 550w, https:\/\/photographer.lu\/wp-content\/uploads\/2017\/08\/parc_sennesraich_lullange_photodudau_6-600x391.jpg 600w, https:\/\/photographer.lu\/wp-content\/uploads\/2017\/08\/parc_sennesraich_lullange_photodudau_6-300x196.jpg 300w, https:\/\/photographer.lu\/wp-content\/uploads\/2017\/08\/parc_sennesraich_lullange_photodudau_6-768x501.jpg 768w, https:\/\/photographer.lu\/wp-content\/uploads\/2017\/08\/parc_sennesraich_lullange_photodudau_6.jpg 1000w\" sizes=\"(max-width: 550px) 100vw, 550px\" \/><\/a>\n\t\t\t<\/div>\n\t\t\t\t<figcaption class='wp-caption-text gallery-caption' id='gallery-1-16284'>\n\t\t\t\tEverybody loves bubbles\n\t\t\t\t<\/figcaption><\/figure><figure class='gallery-item'>\n\t\t\t<div class='gallery-icon landscape'>\n\t\t\t\t<a href='https:\/\/photographer.lu\/de\/park-sennesraich-in-lullange-5-2\/'><img decoding=\"async\" width=\"550\" height=\"372\" src=\"https:\/\/photographer.lu\/wp-content\/uploads\/2017\/08\/parc_sennesraich_lullange_photodudau_5-550x372.jpg\" class=\"attachment-thumbnail size-thumbnail\" alt=\"\" aria-describedby=\"gallery-1-16282\" srcset=\"https:\/\/photographer.lu\/wp-content\/uploads\/2017\/08\/parc_sennesraich_lullange_photodudau_5-550x372.jpg 550w, https:\/\/photographer.lu\/wp-content\/uploads\/2017\/08\/parc_sennesraich_lullange_photodudau_5-600x406.jpg 600w, https:\/\/photographer.lu\/wp-content\/uploads\/2017\/08\/parc_sennesraich_lullange_photodudau_5-300x203.jpg 300w, https:\/\/photographer.lu\/wp-content\/uploads\/2017\/08\/parc_sennesraich_lullange_photodudau_5-768x519.jpg 768w, https:\/\/photographer.lu\/wp-content\/uploads\/2017\/08\/parc_sennesraich_lullange_photodudau_5.jpg 1000w\" sizes=\"(max-width: 550px) 100vw, 550px\" \/><\/a>\n\t\t\t<\/div>\n\t\t\t\t<figcaption class='wp-caption-text gallery-caption' id='gallery-1-16282'>\n\t\t\t\tBubble boy\n\t\t\t\t<\/figcaption><\/figure><figure class='gallery-item'>\n\t\t\t<div class='gallery-icon landscape'>\n\t\t\t\t<a href='https:\/\/photographer.lu\/de\/park-sennesraich-in-lullange-3-2\/'><img decoding=\"async\" width=\"550\" height=\"397\" src=\"https:\/\/photographer.lu\/wp-content\/uploads\/2017\/08\/parc_sennesraich_lullange_photodudau_2-550x397.jpg\" class=\"attachment-thumbnail size-thumbnail\" alt=\"\" aria-describedby=\"gallery-1-16278\" srcset=\"https:\/\/photographer.lu\/wp-content\/uploads\/2017\/08\/parc_sennesraich_lullange_photodudau_2-550x397.jpg 550w, https:\/\/photographer.lu\/wp-content\/uploads\/2017\/08\/parc_sennesraich_lullange_photodudau_2-600x433.jpg 600w, https:\/\/photographer.lu\/wp-content\/uploads\/2017\/08\/parc_sennesraich_lullange_photodudau_2-300x216.jpg 300w, https:\/\/photographer.lu\/wp-content\/uploads\/2017\/08\/parc_sennesraich_lullange_photodudau_2-768x554.jpg 768w, https:\/\/photographer.lu\/wp-content\/uploads\/2017\/08\/parc_sennesraich_lullange_photodudau_2.jpg 1000w\" sizes=\"(max-width: 550px) 100vw, 550px\" \/><\/a>\n\t\t\t<\/div>\n\t\t\t\t<figcaption class='wp-caption-text gallery-caption' id='gallery-1-16278'>\n\t\t\t\tIn the garden\n\t\t\t\t<\/figcaption><\/figure>\n\t\t<\/div>\n\n<p>Und wenn Sie fertig sind, k\u00f6nnen Sie in den Ausstellungsraum gehen und sch\u00f6ne Kunstwerke kaufen, die von den <a href=\"http:\/\/www.sennesraich.lu\/actualites\/produits-lelljer-gaart\/\" target=\"_blank\" rel=\"noopener\">behinderten Mitarbeitern von L\u00eblljer Gaart<\/a> hergestellt wurden. Soweit ich wei\u00df, werden alle Erl\u00f6se aus dieser Ausstellung in die Genossenschaft reinvestiert.<\/p>\n<figure id=\"attachment_8174\" aria-describedby=\"caption-attachment-8174\" style=\"width: 980px\" class=\"wp-caption aligncenter\"><img decoding=\"async\" class=\"size-full wp-image-8174\" src=\"https:\/\/photographer.lu\/wp-content\/uploads\/2017\/08\/parc_sennesraich_lullange_photodudau_17.jpg\" alt=\"Park Sennesraich in Lullange\" width=\"980\" height=\"647\" srcset=\"https:\/\/photographer.lu\/wp-content\/uploads\/2017\/08\/parc_sennesraich_lullange_photodudau_17.jpg 980w, https:\/\/photographer.lu\/wp-content\/uploads\/2017\/08\/parc_sennesraich_lullange_photodudau_17-600x396.jpg 600w, https:\/\/photographer.lu\/wp-content\/uploads\/2017\/08\/parc_sennesraich_lullange_photodudau_17-300x198.jpg 300w, https:\/\/photographer.lu\/wp-content\/uploads\/2017\/08\/parc_sennesraich_lullange_photodudau_17-550x363.jpg 550w, https:\/\/photographer.lu\/wp-content\/uploads\/2017\/08\/parc_sennesraich_lullange_photodudau_17-768x507.jpg 768w\" sizes=\"(max-width: 980px) 100vw, 980px\" \/><figcaption id=\"caption-attachment-8174\" class=\"wp-caption-text\">Die Kunstausstellung<\/figcaption><\/figure>\n<p>Wenn Sie also einen sch\u00f6nen Familientag drinnen und drau\u00dfen verbringen wollen, mit lustigen Aktivit\u00e4ten und gutem Essen, kann ich Ihnen den <a href=\"http:\/\/www.sennesraich.lu\/\" target=\"_blank\" rel=\"noopener\">Park S\u00ebnnesr\u00e4ich<\/a> empfehlen. Die Adresse lautet Maison 30, L-9762 Lullange, Luxemburg.<\/p>\n<p>&nbsp;<\/p>\n","protected":false},"excerpt":{"rendered":"<p>Am vergangenen Wochenende hatten wir Familienspa\u00df im S\u00ebnnesr\u00e4ich Park in Lullange. Haben Sie diesen Ort schon besucht? Das ist gro\u00dfartig! Die Kinder waren von dem Spielplatz und dem gr\u00fcnen Labyrinth begeistert. Der Garten ist jeden Tag ge\u00f6ffnet: W\u00e4hrend der Park an sich sch\u00f6n ist, aber f\u00fcr luxemburgische Verh\u00e4ltnisse nicht sonderlich besonders erscheint (es gibt \u00fcberall [&hellip;]<\/p>\n","protected":false},"author":2,"featured_media":16276,"comment_status":"closed","ping_status":"open","sticky":false,"template":"","format":"standard","meta":{"pgc_sgb_lightbox_settings":"","_jetpack_memberships_contains_paid_content":false,"footnotes":""},"categories":[459],"tags":[573,460,574],"class_list":["post-18778","post","type-post","status-publish","format-standard","has-post-thumbnail","hentry","category-luxemburg","tag-lullange-de","tag-luxemburg","tag-park-sennesraich-de"],"blocksy_meta":{"styles_descriptor":{"styles":{"desktop":"","tablet":"","mobile":""},"google_fonts":[],"version":6}},"featured_image_urls_v2":{"full":["https:\/\/photographer.lu\/wp-content\/uploads\/2017\/08\/parc_sennesraich_lullange_luxembourg.jpg",1200,636,false],"thumbnail":["https:\/\/photographer.lu\/wp-content\/uploads\/2017\/08\/parc_sennesraich_lullange_luxembourg-550x292.jpg",550,292,true],"medium":["https:\/\/photographer.lu\/wp-content\/uploads\/2017\/08\/parc_sennesraich_lullange_luxembourg-300x159.jpg",300,159,true],"medium_large":["https:\/\/photographer.lu\/wp-content\/uploads\/2017\/08\/parc_sennesraich_lullange_luxembourg-768x407.jpg",768,407,true],"large":["https:\/\/photographer.lu\/wp-content\/uploads\/2017\/08\/parc_sennesraich_lullange_luxembourg-1024x543.jpg",1024,543,true],"1536x1536":["https:\/\/photographer.lu\/wp-content\/uploads\/2017\/08\/parc_sennesraich_lullange_luxembourg.jpg",1200,636,false],"2048x2048":["https:\/\/photographer.lu\/wp-content\/uploads\/2017\/08\/parc_sennesraich_lullange_luxembourg.jpg",1200,636,false],"woocommerce_archive_thumbnail":["https:\/\/photographer.lu\/wp-content\/uploads\/2017\/08\/parc_sennesraich_lullange_luxembourg-600x318.jpg",600,318,true],"mailpoet_newsletter_max":["https:\/\/photographer.lu\/wp-content\/uploads\/2017\/08\/parc_sennesraich_lullange_luxembourg.jpg",1200,636,false],"woocommerce_thumbnail":["https:\/\/photographer.lu\/wp-content\/uploads\/2017\/08\/parc_sennesraich_lullange_luxembourg-600x318.jpg",600,318,true],"woocommerce_single":["https:\/\/photographer.lu\/wp-content\/uploads\/2017\/08\/parc_sennesraich_lullange_luxembourg.jpg",1200,636,false],"woocommerce_gallery_thumbnail":["https:\/\/photographer.lu\/wp-content\/uploads\/2017\/08\/parc_sennesraich_lullange_luxembourg-120x120.jpg",120,120,true],"jetpack-portfolio-admin-thumb":["https:\/\/photographer.lu\/wp-content\/uploads\/2017\/08\/parc_sennesraich_lullange_luxembourg-50x50.jpg",50,50,true]},"post_excerpt_stackable_v2":"<p>Am vergangenen Wochenende hatten wir Familienspa\u00df im S\u00ebnnesr\u00e4ich Park in Lullange. Haben Sie diesen Ort schon besucht? Das ist gro\u00dfartig! Die Kinder waren von dem Spielplatz und dem gr\u00fcnen Labyrinth begeistert. Der Garten ist jeden Tag ge\u00f6ffnet: Park Sennesraich &#8211; das Labyrinth W\u00e4hrend der Park an sich sch\u00f6n ist, aber f\u00fcr luxemburgische Verh\u00e4ltnisse nicht sonderlich besonders erscheint (es gibt \u00fcberall einen tollen Park), \u00e4ndert sich alles, wenn man die 5-Sinne-R\u00e4ume, den \u00fcberdachten Teil des Komplexes, betritt. Das ist ein gut gemachter Freizeitbereich, sowohl f\u00fcr Kinder als auch f\u00fcr Erwachsene. Dort gibt es so viele tolle Dinge zu tun! Die 5&hellip;<\/p>\n","category_list_v2":"<a href=\"https:\/\/photographer.lu\/de\/category\/luxemburg\/\" rel=\"category tag\">Luxemburg<\/a>","author_info_v2":{"name":"Photo Dudau Luxembourg","url":"https:\/\/photographer.lu\/de\/author\/dudau\/"},"comments_num_v2":"0 comments","acf":[],"jetpack_featured_media_url":"https:\/\/photographer.lu\/wp-content\/uploads\/2017\/08\/parc_sennesraich_lullange_luxembourg.jpg","jetpack_sharing_enabled":true,"_links":{"self":[{"href":"https:\/\/photographer.lu\/de\/wp-json\/wp\/v2\/posts\/18778","targetHints":{"allow":["GET"]}}],"collection":[{"href":"https:\/\/photographer.lu\/de\/wp-json\/wp\/v2\/posts"}],"about":[{"href":"https:\/\/photographer.lu\/de\/wp-json\/wp\/v2\/types\/post"}],"author":[{"embeddable":true,"href":"https:\/\/photographer.lu\/de\/wp-json\/wp\/v2\/users\/2"}],"replies":[{"embeddable":true,"href":"https:\/\/photographer.lu\/de\/wp-json\/wp\/v2\/comments?post=18778"}],"version-history":[{"count":0,"href":"https:\/\/photographer.lu\/de\/wp-json\/wp\/v2\/posts\/18778\/revisions"}],"wp:featuredmedia":[{"embeddable":true,"href":"https:\/\/photographer.lu\/de\/wp-json\/wp\/v2\/media\/16276"}],"wp:attachment":[{"href":"https:\/\/photographer.lu\/de\/wp-json\/wp\/v2\/media?parent=18778"}],"wp:term":[{"taxonomy":"category","embeddable":true,"href":"https:\/\/photographer.lu\/de\/wp-json\/wp\/v2\/categories?post=18778"},{"taxonomy":"post_tag","embeddable":true,"href":"https:\/\/photographer.lu\/de\/wp-json\/wp\/v2\/tags?post=18778"}],"curies":[{"name":"wp","href":"https:\/\/api.w.org\/{rel}","templated":true}]}}