{"id":27252,"date":"2022-12-28T00:33:58","date_gmt":"2022-12-28T00:33:58","guid":{"rendered":"https:\/\/photographer.lu\/2022-im-rueckblick-bei-photo-dudau\/"},"modified":"2022-12-28T00:34:25","modified_gmt":"2022-12-28T00:34:25","slug":"2022-im-rueckblick-bei-photo-dudau","status":"publish","type":"post","link":"https:\/\/photographer.lu\/de\/2022-im-rueckblick-bei-photo-dudau\/","title":{"rendered":"2022 im R\u00fcckblick bei Photo Dudau"},"content":{"rendered":"\n<p>Ein frohes neues Jahr, allerseits! Genie\u00dfen Sie diese wohlverdiente Auszeit gemeinsam mit Ihren Lieben! 2022 war ein ziemlich arbeitsreiches Jahr hier bei Photo Dudau. Schauen wir uns die Ereignisse aus meiner Sicht an:<\/p>\n\n<p>Das Jahr begann sehr langsam und mit vielen Unw\u00e4gbarkeiten. Ob Sie sich erinnern oder nicht, Ende 2021 wurde die Pandemie wieder st\u00e4rker und einige Veranstaltungen wurden abgesagt. Ich wurde f\u00fcr drei dieser Veranstaltungen als Fotograf engagiert, so dass mir die Absagen nicht gut bekommen sind, um es vorsichtig auszudr\u00fccken. Als ich mich eine Woche vor Weihnachten mit dem Coronavirus infizierte, musste ich f\u00fcr die eine Veranstaltung, die nicht abgesagt wurde, einen anderen Fotografen finden und bezahlen, der an meiner Stelle auftrat (am Ende musste ich mehr bezahlen, als ich von den Kunden bekam, aber nat\u00fcrlich war es nicht ihre Schuld, dass ich mich infiziert hatte). Der Januar war also ziemlich trocken, ohne Puffer zu den Vormonaten.<\/p>\n\n<p>Der Januar ist immer ein wenig langsam, aber 2022 war er noch langsamer, da die Pandemie noch immer einige Sch\u00e4den anrichtete. Ich habe Ende Februar (!) meine ersten Kunden bekommen.  <\/p>\n\n<p>Dann wurde es wieder sehr langsam, als Russland in die Ukraine einmarschierte und die ganze Welt schockiert war, kam so ziemlich alles zum Stillstand. Die erste H\u00e4lfte des Jahres 2022 ist entweder durch die Pandemie oder durch den Krieg gepr\u00e4gt.<\/p>\n\n<div class=\"wp-block-stackable-image stk-block-image stk-block stk-c00a344\" data-block-id=\"c00a344\"><style>.stk-c00a344{margin-bottom:15px !important}.stk-c00a344 .stk-img-wrapper{width:100% !important;height:380px !important}<\/style><figure class=\"stk-img-wrapper stk-image--shape-stretch\"><img decoding=\"async\" class=\"stk-img wp-image-27236\" src=\"https:\/\/photographer.lu\/wp-content\/uploads\/2022\/12\/Protest-Ukraine_3593_Amnesty-Luxembourg-PhotoDudau.webp\" width=\"1400\" height=\"735\" alt=\"Protest Ukraine\" srcset=\"https:\/\/photographer.lu\/wp-content\/uploads\/2022\/12\/Protest-Ukraine_3593_Amnesty-Luxembourg-PhotoDudau.webp 1400w, https:\/\/photographer.lu\/wp-content\/uploads\/2022\/12\/Protest-Ukraine_3593_Amnesty-Luxembourg-PhotoDudau-600x315.webp 600w, https:\/\/photographer.lu\/wp-content\/uploads\/2022\/12\/Protest-Ukraine_3593_Amnesty-Luxembourg-PhotoDudau-1200x630.webp 1200w, https:\/\/photographer.lu\/wp-content\/uploads\/2022\/12\/Protest-Ukraine_3593_Amnesty-Luxembourg-PhotoDudau-300x158.webp 300w, https:\/\/photographer.lu\/wp-content\/uploads\/2022\/12\/Protest-Ukraine_3593_Amnesty-Luxembourg-PhotoDudau-550x289.webp 550w, https:\/\/photographer.lu\/wp-content\/uploads\/2022\/12\/Protest-Ukraine_3593_Amnesty-Luxembourg-PhotoDudau-768x403.webp 768w, https:\/\/photographer.lu\/wp-content\/uploads\/2022\/12\/Protest-Ukraine_3593_Amnesty-Luxembourg-PhotoDudau-1320x693.webp 1320w\" sizes=\"(max-width: 1400px) 100vw, 1400px\" \/><\/figure><\/div>\n\n<p>Ich habe die freie Zeit genutzt, um in meinem umfangreichen Archiv zu st\u00f6bern und eine Reihe von <a href=\"https:\/\/stock.photographer.lu\/luxembourg-stock-videos\/tock-videos\/\">Videos \u00fcber Luxemburg<\/a> zusammenzustellen, um die Videosektion meiner <a href=\"https:\/\/stock.photographer.lu\/\">Luxemburg-Bilddatenbank<\/a> zu starten. Ich habe auch viele neue und \u00e4ltere Fotos aus den letzten Jahren hinzugef\u00fcgt.<\/p>\n\n<figure class=\"wp-block-embed aligncenter is-type-video is-provider-videopress wp-block-embed-videopress\"><div class=\"wp-block-embed__wrapper\">\n<iframe title=\"VideoPress Video Player\" aria-label='VideoPress Video Player' width='1772' height='1000' src='https:\/\/videopress.com\/embed\/CkGO1Knf?hd=1&amp;cover=1' frameborder='0' allowfullscreen allow='clipboard-write'><\/iframe><script src='https:\/\/v0.wordpress.com\/js\/next\/videopress-iframe.js?m=1658470809'><\/script>\n<\/div><\/figure>\n\n<p>Der Sommer begann ziemlich gut, mit vielen Kunden f\u00fcr <a href=\"https:\/\/photographer.lu\/de\/portfolio\/business-fotografie\/\">Gesch\u00e4ftsportr\u00e4ts<\/a>, <a href=\"https:\/\/photographer.lu\/de\/portfolio\/firmenveranstaltungen\/\">Firmenveranstaltungen<\/a>, <a href=\"https:\/\/photographer.lu\/de\/portfolio\/hochzeit\/\">Hochzeitsfotos<\/a> und <a href=\"https:\/\/photographer.lu\/de\/portfolio\/unternehmensimmobilien\/\">Immobilienfotos<\/a>.<\/p>\n\n<div class=\"wp-block-stackable-image stk-block-image stk-block stk-43b9a32\" data-block-id=\"43b9a32\"><style>.stk-43b9a32{margin-bottom:15px !important}<\/style><figure class=\"stk-img-wrapper stk-image--shape-stretch\"><img decoding=\"async\" class=\"stk-img wp-image-27233\" src=\"https:\/\/photographer.lu\/wp-content\/uploads\/2022\/12\/couple-photography-luxembourg-PhotoDudau.webp\" width=\"1400\" height=\"735\" alt=\"p&#xE4;rchenfotografie luxembourg\" srcset=\"https:\/\/photographer.lu\/wp-content\/uploads\/2022\/12\/couple-photography-luxembourg-PhotoDudau.webp 1400w, https:\/\/photographer.lu\/wp-content\/uploads\/2022\/12\/couple-photography-luxembourg-PhotoDudau-600x315.webp 600w, https:\/\/photographer.lu\/wp-content\/uploads\/2022\/12\/couple-photography-luxembourg-PhotoDudau-1200x630.webp 1200w, https:\/\/photographer.lu\/wp-content\/uploads\/2022\/12\/couple-photography-luxembourg-PhotoDudau-300x158.webp 300w, https:\/\/photographer.lu\/wp-content\/uploads\/2022\/12\/couple-photography-luxembourg-PhotoDudau-550x289.webp 550w, https:\/\/photographer.lu\/wp-content\/uploads\/2022\/12\/couple-photography-luxembourg-PhotoDudau-768x403.webp 768w, https:\/\/photographer.lu\/wp-content\/uploads\/2022\/12\/couple-photography-luxembourg-PhotoDudau-1320x693.webp 1320w\" sizes=\"(max-width: 1400px) 100vw, 1400px\" \/><\/figure><\/div>\n\n<p>Mitte Juli k\u00fchlte sich die Aktivit\u00e4t ab, und als ich sp\u00fcrte, dass es nicht mehr viel Arbeit f\u00fcr Kunden geben w\u00fcrde, begann ich mit der Arbeit an meiner <a href=\"https:\/\/photographer.lu\/de\/\">Website f\u00fcr luxemburgische Fotografen<\/a>.  <\/p>\n\n<p>Ich habe den gr\u00f6\u00dften Teil des Sommers und des Herbstanfangs damit verbracht, meine Website neu zu gestalten und den Shop von der bisherigen <a href=\"https:\/\/stock.photographer.lu\">Subdomain<\/a> auf diese Hauptwebsite zu verlagern, und hoffentlich ist es mir gelungen, alles ins 21. Viele N\u00e4chte wurden damit verbracht, die Website und den Online-Shop so einfach und benutzerfreundlich wie m\u00f6glich zu gestalten. In diesem Moment wurde mir klar, dass meine Arbeit daran nie abgeschlossen sein wird. Ich habe es zum Beispiel nur geschafft, 5 % meines alten Bildarchivs in den neuen Online-Shop zu \u00fcbertragen. Ich habe eine gute erste Auswahl getroffen, aber es gibt noch viel zu tun. Die Subdomain wird also noch eine Weile bestehen bleiben.<\/p>\n\n<p>Parallel dazu habe ich an der Einf\u00fchrung des neuen <a href=\"https:\/\/photographer.lu\/de\/luxemburg-kalender-2023\/\">Kalenders Luxembourg Magique 2023<\/a> gearbeitet, einem Wochenkalender in 3 Gr\u00f6\u00dfen mit 52 Seiten und 52 Bildern, eines f\u00fcr jede Woche des neuen Jahres. Es war bisher ein Erfolg, denn es wurde mehr verkauft als in jedem anderen Jahr zuvor.  <\/p>\n\n<div class=\"wp-block-stackable-image stk-block-image stk-block stk-0e0aacb\" data-block-id=\"0e0aacb\"><style>.stk-0e0aacb{margin-bottom:15px !important}<\/style><figure class=\"stk-img-wrapper stk-image--shape-stretch\"><img decoding=\"async\" class=\"stk-img wp-image-14683\" src=\"https:\/\/photographer.lu\/wp-content\/uploads\/2022\/09\/luxembourg-calendar-2023-magique-photo-dudau.webp\" width=\"1426\" height=\"592\" alt=\"luxemburgischer Kalender 2023\" srcset=\"https:\/\/photographer.lu\/wp-content\/uploads\/2022\/09\/luxembourg-calendar-2023-magique-photo-dudau.webp 1426w, https:\/\/photographer.lu\/wp-content\/uploads\/2022\/09\/luxembourg-calendar-2023-magique-photo-dudau-600x249.webp 600w, https:\/\/photographer.lu\/wp-content\/uploads\/2022\/09\/luxembourg-calendar-2023-magique-photo-dudau-1200x498.webp 1200w, https:\/\/photographer.lu\/wp-content\/uploads\/2022\/09\/luxembourg-calendar-2023-magique-photo-dudau-300x125.webp 300w, https:\/\/photographer.lu\/wp-content\/uploads\/2022\/09\/luxembourg-calendar-2023-magique-photo-dudau-550x228.webp 550w, https:\/\/photographer.lu\/wp-content\/uploads\/2022\/09\/luxembourg-calendar-2023-magique-photo-dudau-768x319.webp 768w, https:\/\/photographer.lu\/wp-content\/uploads\/2022\/09\/luxembourg-calendar-2023-magique-photo-dudau-1320x548.webp 1320w\" sizes=\"(max-width: 1426px) 100vw, 1426px\" \/><\/figure><\/div>\n\n<p>Ich habe auch 2 neue luxemburgische <a href=\"https:\/\/photographer.lu\/de\/images\/gruskarten\/\">Gru\u00dfkarten<\/a> f\u00fcr die Winterferien herausgegeben, in einem neuen Format als die 2 zuvor verf\u00fcgbaren Modelle. Ich habe auch <a href=\"https:\/\/photographer.lu\/de\/photo\/luxembourg-postcard-collection\/\">15 Postkarten<\/a> ver\u00f6ffentlicht, die als Set auf meiner Website oder als einzelne Postkarten in einigen Ernster Gesch\u00e4ften, vor allem in der Innenstadt von Luxemburg, erh\u00e4ltlich sind.  <\/p>\n\n<div class=\"wp-block-stackable-image stk-block-image stk-block stk-3e79396\" data-block-id=\"3e79396\"><style>.stk-3e79396{margin-bottom:10px !important}.stk-3e79396 .stk-img-wrapper{width:95% !important;height:413px !important}<\/style><a class=\"stk-link stk-img-wrapper stk-image--shape-stretch\" href=\"https:\/\/photographer.lu\/de\/photo\/luxembourg-postcard-collection\/\" title=\"Luxembourg Postcards\"><img decoding=\"async\" class=\"stk-img wp-image-27144\" src=\"https:\/\/photographer.lu\/wp-content\/uploads\/2022\/12\/Luxembourg-postcard-collection-photodudau_box.webp\" width=\"1200\" height=\"865\" alt=\"Luxemburg Postkartensammlung\" srcset=\"https:\/\/photographer.lu\/wp-content\/uploads\/2022\/12\/Luxembourg-postcard-collection-photodudau_box.webp 1200w, https:\/\/photographer.lu\/wp-content\/uploads\/2022\/12\/Luxembourg-postcard-collection-photodudau_box-600x433.webp 600w, https:\/\/photographer.lu\/wp-content\/uploads\/2022\/12\/Luxembourg-postcard-collection-photodudau_box-300x216.webp 300w, https:\/\/photographer.lu\/wp-content\/uploads\/2022\/12\/Luxembourg-postcard-collection-photodudau_box-550x396.webp 550w, https:\/\/photographer.lu\/wp-content\/uploads\/2022\/12\/Luxembourg-postcard-collection-photodudau_box-768x554.webp 768w\" sizes=\"(max-width: 1200px) 100vw, 1200px\" \/><\/a><\/div>\n\n<p>Und um mit der Website und meinem <a href=\"https:\/\/photographer.lu\/shop-luxembourg-gifts\/\">Online-Shop<\/a> fortzufahren, habe ich es endlich geschafft, Amazon Pay, Payconiq und Direkt\u00fcberweisung als Zahlungsmittel hinzuzuf\u00fcgen, die alle in den Monaten vor Weihnachten erfolgreich von Kunden genutzt wurden. In den vergangenen Jahren waren nur PayPal und Kreditkarten verf\u00fcgbar (und sind es immer noch).<\/p>\n\n<p>Der Herbst kam mit einer Lawine von Kunden f\u00fcr <a href=\"https:\/\/photographer.lu\/de\/projekttyp-de\/veranstaltungen\/\">Eventfotografie<\/a>, Gesch\u00e4ftsportr\u00e4ts, <a href=\"https:\/\/photographer.lu\/de\/portfolio\/sport\/\">Sport<\/a> und <a href=\"https:\/\/photographer.lu\/de\/portfolio\/immobilien\/\">Immobilien<\/a>. Dazu kamen viele neue Bestellungen f\u00fcr <a href=\"https:\/\/photographer.lu\/de\/photos\/luxemburg-geschenke\/\">B\u00fccher, Gru\u00dfkarten und Kalender<\/a>, und die schlaflosen N\u00e4chte kamen zur\u00fcck.  <\/p>\n\n<div class=\"wp-block-stackable-image stk-block-image stk-block stk-c7caf0a\" data-block-id=\"c7caf0a\"><figure class=\"stk-img-wrapper stk-image--shape-stretch\"><img decoding=\"async\" class=\"stk-img wp-image-27248\" src=\"https:\/\/photographer.lu\/wp-content\/uploads\/2022\/12\/Christmas-Saint-Nicholas-Luxembourg-PhotoDudau.webp\" width=\"1400\" height=\"850\" alt=\"Weihnachten - Sankt Nikolaus in Luxemburg\" srcset=\"https:\/\/photographer.lu\/wp-content\/uploads\/2022\/12\/Christmas-Saint-Nicholas-Luxembourg-PhotoDudau.webp 1400w, https:\/\/photographer.lu\/wp-content\/uploads\/2022\/12\/Christmas-Saint-Nicholas-Luxembourg-PhotoDudau-600x364.webp 600w, https:\/\/photographer.lu\/wp-content\/uploads\/2022\/12\/Christmas-Saint-Nicholas-Luxembourg-PhotoDudau-1200x729.webp 1200w, https:\/\/photographer.lu\/wp-content\/uploads\/2022\/12\/Christmas-Saint-Nicholas-Luxembourg-PhotoDudau-300x182.webp 300w, https:\/\/photographer.lu\/wp-content\/uploads\/2022\/12\/Christmas-Saint-Nicholas-Luxembourg-PhotoDudau-550x334.webp 550w, https:\/\/photographer.lu\/wp-content\/uploads\/2022\/12\/Christmas-Saint-Nicholas-Luxembourg-PhotoDudau-768x466.webp 768w, https:\/\/photographer.lu\/wp-content\/uploads\/2022\/12\/Christmas-Saint-Nicholas-Luxembourg-PhotoDudau-1320x801.webp 1320w\" sizes=\"(max-width: 1400px) 100vw, 1400px\" \/><\/figure><\/div>\n\n<p>Das ging bis zur Weihnachtswoche so weiter, einschlie\u00dflich der Weihnachtsfeiern, aber ich bin froh, dass ich es geschafft habe, alle Auftr\u00e4ge zu erf\u00fcllen und alle Fotos rechtzeitig vor Jahresende an die Kunden zu schicken. Es herrscht allgemeiner Konsens dar\u00fcber, dass die Pandemie vorbei ist, so dass es nur nat\u00fcrlich ist, dass die Fotoaktivit\u00e4ten in dieser Zeit intensiv sein werden.<\/p>\n\n<div class=\"wp-block-stackable-image stk-block-image stk-block stk-eb3077c\" data-block-id=\"eb3077c\"><figure class=\"stk-img-wrapper stk-image--shape-stretch\"><img decoding=\"async\" class=\"stk-img wp-image-27245\" src=\"https:\/\/photographer.lu\/wp-content\/uploads\/2022\/12\/christmas-party-luxembourg.webp\" width=\"1400\" height=\"850\" alt=\"firmenweihnachtsfeier in luxembourg\" srcset=\"https:\/\/photographer.lu\/wp-content\/uploads\/2022\/12\/christmas-party-luxembourg.webp 1400w, https:\/\/photographer.lu\/wp-content\/uploads\/2022\/12\/christmas-party-luxembourg-600x364.webp 600w, https:\/\/photographer.lu\/wp-content\/uploads\/2022\/12\/christmas-party-luxembourg-1200x729.webp 1200w, https:\/\/photographer.lu\/wp-content\/uploads\/2022\/12\/christmas-party-luxembourg-300x182.webp 300w, https:\/\/photographer.lu\/wp-content\/uploads\/2022\/12\/christmas-party-luxembourg-550x334.webp 550w, https:\/\/photographer.lu\/wp-content\/uploads\/2022\/12\/christmas-party-luxembourg-768x466.webp 768w, https:\/\/photographer.lu\/wp-content\/uploads\/2022\/12\/christmas-party-luxembourg-1320x801.webp 1320w\" sizes=\"(max-width: 1400px) 100vw, 1400px\" \/><\/figure><\/div>\n\n<p>Im Jahr 2022 habe ich nicht so viele Bilder von Luxemburg geschossen, da ich f\u00fcr Kunden fotografiert habe, die mich f\u00fcr lange und wahrscheinlich die beste Zeit drinnen gehalten haben, aber ich habe ein riesiges Archiv von Bildern aus den Pandemiejahren 2020 und 2021 zu bearbeiten. Das bedeutet buchst\u00e4blich Tausende von unver\u00f6ffentlichten Fotos, die in den kommenden Jahren das Licht der Welt erblicken werden. Das Bild unten habe ich 2019 aufgenommen, aber erst dieses Jahr hatte ich Zeit, es zu ver\u00f6ffentlichen, Sie k\u00f6nnen sich also den R\u00fcckstand vorstellen.<\/p>\n\n<div class=\"wp-block-stackable-image stk-block-image stk-block stk-5ffe94d\" data-block-id=\"5ffe94d\"><style>.stk-5ffe94d{margin-bottom:15px !important}<\/style><figure class=\"stk-img-wrapper stk-image--shape-stretch\"><img decoding=\"async\" class=\"stk-img wp-image-27239\" src=\"https:\/\/photographer.lu\/wp-content\/uploads\/2022\/12\/bourscheid-luxembourg-photodudau.webp\" width=\"1400\" height=\"735\" alt=\"schloss bourscheid fotograf luxembourg\" srcset=\"https:\/\/photographer.lu\/wp-content\/uploads\/2022\/12\/bourscheid-luxembourg-photodudau.webp 1400w, https:\/\/photographer.lu\/wp-content\/uploads\/2022\/12\/bourscheid-luxembourg-photodudau-600x315.webp 600w, https:\/\/photographer.lu\/wp-content\/uploads\/2022\/12\/bourscheid-luxembourg-photodudau-1200x630.webp 1200w, https:\/\/photographer.lu\/wp-content\/uploads\/2022\/12\/bourscheid-luxembourg-photodudau-300x158.webp 300w, https:\/\/photographer.lu\/wp-content\/uploads\/2022\/12\/bourscheid-luxembourg-photodudau-550x289.webp 550w, https:\/\/photographer.lu\/wp-content\/uploads\/2022\/12\/bourscheid-luxembourg-photodudau-768x403.webp 768w, https:\/\/photographer.lu\/wp-content\/uploads\/2022\/12\/bourscheid-luxembourg-photodudau-1320x693.webp 1320w\" sizes=\"(max-width: 1400px) 100vw, 1400px\" \/><\/figure><\/div>\n\n<p>Und wenn ich sage, dass ich nicht so viele Fotos gemacht habe, hei\u00dft das nur, dass ich etwa 60-70 Fototouren gemacht habe, nicht, dass ich \u00fcberhaupt nicht fotografiert habe. In den vergangenen Jahren habe ich Luxemburg fast jeden Tag fotografiert, aber dieses Jahr musste ich das auf jede Woche oder zweimal pro Woche reduzieren, da ich so viele andere Jobs als Fotograf habe. Ich bin froh, dass ich einige neue Blickwinkel gefunden habe, das ist ziemlich aufregend, nachdem ich 7-8 Jahre lang Luxemburg fotografiert habe.<\/p>\n\n<div class=\"wp-block-stackable-image stk-block-image stk-block stk-129492e\" data-block-id=\"129492e\"><style>.stk-129492e{margin-bottom:15px !important}<\/style><figure class=\"stk-img-wrapper stk-image--shape-stretch\"><img decoding=\"async\" class=\"stk-img wp-image-27242\" src=\"https:\/\/photographer.lu\/wp-content\/uploads\/2022\/12\/Moselle-Luxembourg-PhotoDudau-Machtum.webp\" width=\"1400\" height=\"735\" alt=\"Mosel - Luxemburg - Foto Dudau\" srcset=\"https:\/\/photographer.lu\/wp-content\/uploads\/2022\/12\/Moselle-Luxembourg-PhotoDudau-Machtum.webp 1400w, https:\/\/photographer.lu\/wp-content\/uploads\/2022\/12\/Moselle-Luxembourg-PhotoDudau-Machtum-600x315.webp 600w, https:\/\/photographer.lu\/wp-content\/uploads\/2022\/12\/Moselle-Luxembourg-PhotoDudau-Machtum-1200x630.webp 1200w, https:\/\/photographer.lu\/wp-content\/uploads\/2022\/12\/Moselle-Luxembourg-PhotoDudau-Machtum-300x158.webp 300w, https:\/\/photographer.lu\/wp-content\/uploads\/2022\/12\/Moselle-Luxembourg-PhotoDudau-Machtum-550x289.webp 550w, https:\/\/photographer.lu\/wp-content\/uploads\/2022\/12\/Moselle-Luxembourg-PhotoDudau-Machtum-768x403.webp 768w, https:\/\/photographer.lu\/wp-content\/uploads\/2022\/12\/Moselle-Luxembourg-PhotoDudau-Machtum-1320x693.webp 1320w\" sizes=\"(max-width: 1400px) 100vw, 1400px\" \/><\/figure><\/div>\n\n<p>Ich musste meiner Hauptt\u00e4tigkeit als Unternehmens- und Veranstaltungsfotograf Vorrang einr\u00e4umen, damit ich meine Rechnungen bezahlen kann.<\/p>\n\n<p>Dieses Jahr war nicht alles sch\u00f6n und s\u00fc\u00df. Ich habe noch viele weitere Fotoprodukte und Geschenke f\u00fcr die Weihnachts- und Neujahrssaison vorbereitet, aber die meisten haben es nie in meinen Online-Shop geschafft, da ich entweder von der Qualit\u00e4t der Endprodukte oder von den Lieferzeiten entt\u00e4uscht war. Wenn ein Projekt in meinem Kopf gut aussieht und Sinn macht, hei\u00dft das noch lange nicht, dass es auch in der Realit\u00e4t ein Erfolg wird, denn ich bin auch von gro\u00dfen Produzenten abh\u00e4ngig. Zur Erkl\u00e4rung: Ich verkaufe keine Tinte und kein Papier (oder andere Materialien), sondern meine Fotos, Entw\u00fcrfe und Ideen, manchmal in digitaler Form, manchmal auf verschiedenen Tr\u00e4gern oder Objekten. Wenn meine Lieferanten f\u00fcr physische Produkte nicht wie erwartet liefern, muss ich den Verlust hinnehmen. Ich habe eine Liste meiner bevorzugten Hersteller, mit denen ich gerne zusammenarbeite, aber ich versuche immer, neue Hersteller oder neue Produkte zu finden. Und wenn sie meine Erwartungen nicht erf\u00fcllen, kann ich meine Verluste nicht auf die Endkunden abw\u00e4lzen. Letztendlich ist jeder Verlust eine Lektion, die wir gelernt haben.<\/p>\n\n<p>Aber alles in allem war 2022 ein gutes Jahr mit vielen Aktivit\u00e4ten, und das n\u00e4chste Jahr sieht schon interessant aus, mit einigen Fotoauftr\u00e4gen f\u00fcr Januar und Februar und vielen neuen Projekten, die ich in diesem Jahr nicht abschlie\u00dfen konnte, die aber sehr gut f\u00fcr das n\u00e4chste Jahr geplant sind.<\/p>\n\n<p>Wir sehen uns im Jahr 2023, lassen Sie uns einen neuen Anfang machen und ein fantastisches Jahr erleben.<\/p>\n\n<p>Frohes neues Jahr!<\/p>\n","protected":false},"excerpt":{"rendered":"<p>Frohes neues Jahr! 2022 war ein ziemlich arbeitsreiches Jahr hier bei Photo Dudau. Schauen wir uns die Ereignisse aus meiner Sicht an:<\/p>\n","protected":false},"author":2,"featured_media":27232,"comment_status":"open","ping_status":"open","sticky":false,"template":"","format":"standard","meta":{"pgc_sgb_lightbox_settings":"","_jetpack_memberships_contains_paid_content":false,"footnotes":""},"categories":[474,459,594],"tags":[479,461,512,460,537],"class_list":["post-27252","post","type-post","status-publish","format-standard","has-post-thumbnail","hentry","category-fotografie","category-luxemburg","category-nachrichten","tag-fotograf-luxembourg","tag-fotografie","tag-fotos","tag-luxemburg","tag-winterurlaub"],"blocksy_meta":{"styles_descriptor":{"styles":{"desktop":"","tablet":"","mobile":""},"google_fonts":[],"version":6}},"featured_image_urls_v2":{"full":["https:\/\/photographer.lu\/wp-content\/uploads\/2022\/12\/Fireworks-photographer-Luxembourg-city-photodudau.webp",1400,735,false],"thumbnail":["https:\/\/photographer.lu\/wp-content\/uploads\/2022\/12\/Fireworks-photographer-Luxembourg-city-photodudau-550x289.webp",550,289,true],"medium":["https:\/\/photographer.lu\/wp-content\/uploads\/2022\/12\/Fireworks-photographer-Luxembourg-city-photodudau-300x158.webp",300,158,true],"medium_large":["https:\/\/photographer.lu\/wp-content\/uploads\/2022\/12\/Fireworks-photographer-Luxembourg-city-photodudau-768x403.webp",768,403,true],"large":["https:\/\/photographer.lu\/wp-content\/uploads\/2022\/12\/Fireworks-photographer-Luxembourg-city-photodudau-1200x630.webp",1200,630,true],"1536x1536":["https:\/\/photographer.lu\/wp-content\/uploads\/2022\/12\/Fireworks-photographer-Luxembourg-city-photodudau.webp",1400,735,false],"2048x2048":["https:\/\/photographer.lu\/wp-content\/uploads\/2022\/12\/Fireworks-photographer-Luxembourg-city-photodudau.webp",1400,735,false],"woocommerce_archive_thumbnail":["https:\/\/photographer.lu\/wp-content\/uploads\/2022\/12\/Fireworks-photographer-Luxembourg-city-photodudau-600x315.webp",600,315,true],"mailpoet_newsletter_max":["https:\/\/photographer.lu\/wp-content\/uploads\/2022\/12\/Fireworks-photographer-Luxembourg-city-photodudau-1320x693.webp",1320,693,true],"woocommerce_thumbnail":["https:\/\/photographer.lu\/wp-content\/uploads\/2022\/12\/Fireworks-photographer-Luxembourg-city-photodudau-600x315.webp",600,315,true],"woocommerce_single":["https:\/\/photographer.lu\/wp-content\/uploads\/2022\/12\/Fireworks-photographer-Luxembourg-city-photodudau-1200x630.webp",1200,630,true],"woocommerce_gallery_thumbnail":["https:\/\/photographer.lu\/wp-content\/uploads\/2022\/12\/Fireworks-photographer-Luxembourg-city-photodudau-120x120.webp",120,120,true],"jetpack-portfolio-admin-thumb":["https:\/\/photographer.lu\/wp-content\/uploads\/2022\/12\/Fireworks-photographer-Luxembourg-city-photodudau-50x50.webp",50,50,true]},"post_excerpt_stackable_v2":"<p>Frohes neues Jahr! 2022 war ein ziemlich arbeitsreiches Jahr hier bei Photo Dudau. Schauen wir uns die Ereignisse aus meiner Sicht an:<\/p>\n","category_list_v2":"<a href=\"https:\/\/photographer.lu\/de\/category\/fotografie\/\" rel=\"category tag\">Fotografie<\/a>, <a href=\"https:\/\/photographer.lu\/de\/category\/luxemburg\/\" rel=\"category tag\">Luxemburg<\/a>, <a href=\"https:\/\/photographer.lu\/de\/category\/nachrichten\/\" rel=\"category tag\">Nachrichten<\/a>","author_info_v2":{"name":"Photo Dudau Luxembourg","url":"https:\/\/photographer.lu\/de\/author\/dudau\/"},"comments_num_v2":"0 comments","acf":[],"jetpack_featured_media_url":"https:\/\/photographer.lu\/wp-content\/uploads\/2022\/12\/Fireworks-photographer-Luxembourg-city-photodudau.webp","jetpack_sharing_enabled":true,"_links":{"self":[{"href":"https:\/\/photographer.lu\/de\/wp-json\/wp\/v2\/posts\/27252","targetHints":{"allow":["GET"]}}],"collection":[{"href":"https:\/\/photographer.lu\/de\/wp-json\/wp\/v2\/posts"}],"about":[{"href":"https:\/\/photographer.lu\/de\/wp-json\/wp\/v2\/types\/post"}],"author":[{"embeddable":true,"href":"https:\/\/photographer.lu\/de\/wp-json\/wp\/v2\/users\/2"}],"replies":[{"embeddable":true,"href":"https:\/\/photographer.lu\/de\/wp-json\/wp\/v2\/comments?post=27252"}],"version-history":[{"count":0,"href":"https:\/\/photographer.lu\/de\/wp-json\/wp\/v2\/posts\/27252\/revisions"}],"wp:featuredmedia":[{"embeddable":true,"href":"https:\/\/photographer.lu\/de\/wp-json\/wp\/v2\/media\/27232"}],"wp:attachment":[{"href":"https:\/\/photographer.lu\/de\/wp-json\/wp\/v2\/media?parent=27252"}],"wp:term":[{"taxonomy":"category","embeddable":true,"href":"https:\/\/photographer.lu\/de\/wp-json\/wp\/v2\/categories?post=27252"},{"taxonomy":"post_tag","embeddable":true,"href":"https:\/\/photographer.lu\/de\/wp-json\/wp\/v2\/tags?post=27252"}],"curies":[{"name":"wp","href":"https:\/\/api.w.org\/{rel}","templated":true}]}}